{"id":3161,"date":"2022-11-10T14:44:00","date_gmt":"2022-11-10T13:44:00","guid":{"rendered":"https:\/\/www.adventoura.eu\/top-pamiatky-v-kezmarku-spissky-region-na-slovensku\/"},"modified":"2023-03-06T12:51:22","modified_gmt":"2023-03-06T11:51:22","slug":"top-pamiatky-v-kezmarku-spissky-region-na-slovensku","status":"publish","type":"post","link":"https:\/\/www.adventoura.eu\/sk\/top-pamiatky-v-kezmarku-spissky-region-na-slovensku\/","title":{"rendered":"Top pamiatky v Ke\u017emarku. Spi\u0161sk\u00fd regi\u00f3n na Slovensku"},"content":{"rendered":"\n<h2 class=\"has-text-align-center wp-block-heading\"><strong>Najzauj\u00edmavej\u0161ie pamiatky v Ke\u017emarku, Slovensko<\/strong><\/h2>\n\n<p><a href=\"http:\/\/www.kezmarok.sk\/\" target=\"_blank\" rel=\"noopener\">Ke\u017emarok<\/a> je mesto, historick\u00e9 centrum regi\u00f3nu Spi\u0161. M\u00e1 ve\u013emi bohat\u00fa hist\u00f3riu, ktor\u00e1 siaha a\u017e do <sup>13<\/sup>. storo\u010dia. Nesk\u00f4r sa stalo nez\u00e1visl\u00fdm kr\u00e1\u013eovsk\u00fdm mestom s vlastn\u00fdmi v\u00fdsadami. Od <sup>15<\/sup>. rokov m\u00e1 rovnak\u00fd symbol, erb.<\/p>\n\n<p>Ke\u017emarok bol d\u00f4le\u017eit\u00fd aj pri prieskume Vysok\u00fdch Tatier. Prv\u00fa prehliadku v 16. storo\u010d\u00ed viedla hradn\u00e1 pani. Viacer\u00ed u\u010ditelia a intelektu\u00e1li sa nesk\u00f4r zasl\u00fa\u017eili o zalo\u017eenie ded\u00edn vo Vysok\u00fdch Tatr\u00e1ch.<\/p>\n\n<p>Je zn\u00e1me hradom, renesan\u010dn\u00fdmi me\u0161tianskymi domami a nieko\u013ek\u00fdmi kostolmi, z ktor\u00fdch jeden je zap\u00edsan\u00fd v zozname UNESCO. Charakter Ke\u017emarku sa v priebehu dej\u00edn menil, ale st\u00e1le je to pokojn\u00e9 mesto s kr\u00e1snym historick\u00fdm centrom. Pr\u00ed\u010fte si ho prezrie\u0165 a vychutna\u0165 si jeho kr\u00e1snu atmosf\u00e9ru sami!<\/p>\n\n<hr class=\"wp-block-separator has-alpha-channel-opacity\"\/>\n\n<h3 class=\"has-text-align-center wp-block-heading\"><strong>Ke\u017emarsk\u00fd hrad<\/strong><\/h3>\n<div class=\"wp-block-image\">\n<figure class=\"aligncenter size-large\"><img decoding=\"async\" width=\"1024\" height=\"624\" src=\"https:\/\/www.adventoura.eu\/wp-content\/uploads\/2022\/04\/DSC_0482-1024x624.jpg\" alt=\"Najzauj&#xED;mavej&#x161;ie pamiatky v Ke&#x17E;marku, Slovensko\" class=\"wp-image-1279\" srcset=\"https:\/\/www.adventoura.eu\/wp-content\/uploads\/2022\/04\/DSC_0482-1024x624.jpg 1024w, https:\/\/www.adventoura.eu\/wp-content\/uploads\/2022\/04\/DSC_0482-300x183.jpg 300w, https:\/\/www.adventoura.eu\/wp-content\/uploads\/2022\/04\/DSC_0482-768x468.jpg 768w, https:\/\/www.adventoura.eu\/wp-content\/uploads\/2022\/04\/DSC_0482-1536x936.jpg 1536w, https:\/\/www.adventoura.eu\/wp-content\/uploads\/2022\/04\/DSC_0482-2048x1248.jpg 2048w\" sizes=\"(max-width: 1024px) 100vw, 1024px\" \/><\/figure>\n<\/div>\n<p>Hrad poch\u00e1dza zo <sup>16<\/sup>. storo\u010dia. Odvtedy ho vlastnilo nieko\u013eko \u0161\u013eachtick\u00fdch rod\u00edn.<\/p>\n\n<p>Prv\u00ed sa presl\u00e1vili Laskyovci, ke\u010f\u017ee pani Laskyov\u00e1 zorganizovala prv\u00fa t\u00faru do nezn\u00e1mych Vysok\u00fdch Tatier. Nesk\u00f4r sa Th\u00f6k\u00f6lyovci s mestom poh\u00e1dali a hrad prestavali z gotick\u00e9ho opevnenia na honosn\u00fd renesan\u010dn\u00fd z\u00e1mok s barokovou kaplnkou.<\/p>\n\n<p>V s\u00fa\u010dasnosti hrad sl\u00fa\u017ei ako m\u00fazeum pr\u00edstupn\u00e9 verejnosti. Z\u00e1mok pon\u00faka prehliadku, po\u010das ktorej spozn\u00e1te jeho hist\u00f3riu a uvid\u00edte p\u00f4vodn\u00fd n\u00e1bytok. V lete s\u00fa pre v\u00e1s pripraven\u00e9 r\u00f4zne atrakcie vr\u00e1tane \u0161ermu a sokoliarstva.<\/p>\n<div class=\"wp-block-image\">\n<figure class=\"aligncenter size-large\"><img decoding=\"async\" width=\"1024\" height=\"659\" src=\"https:\/\/www.adventoura.eu\/wp-content\/uploads\/2022\/04\/DSC_0477-1024x659.jpg\" alt=\"Najzauj&#xED;mavej&#x161;ie pamiatky v Ke&#x17E;marku, Slovensko\" class=\"wp-image-1280\" srcset=\"https:\/\/www.adventoura.eu\/wp-content\/uploads\/2022\/04\/DSC_0477-1024x659.jpg 1024w, https:\/\/www.adventoura.eu\/wp-content\/uploads\/2022\/04\/DSC_0477-300x193.jpg 300w, https:\/\/www.adventoura.eu\/wp-content\/uploads\/2022\/04\/DSC_0477-768x495.jpg 768w, https:\/\/www.adventoura.eu\/wp-content\/uploads\/2022\/04\/DSC_0477-1536x989.jpg 1536w, https:\/\/www.adventoura.eu\/wp-content\/uploads\/2022\/04\/DSC_0477-2048x1319.jpg 2048w\" sizes=\"(max-width: 1024px) 100vw, 1024px\" \/><\/figure>\n<\/div>\n<hr class=\"wp-block-separator has-alpha-channel-opacity\"\/>\n\n<h3 class=\"has-text-align-center wp-block-heading\"><strong>Dreven\u00fd artikul\u00e1rny kostol Najsv\u00e4tej\u0161ej Trojice<\/strong><\/h3>\n<div class=\"wp-block-image\">\n<figure class=\"aligncenter size-full\"><img decoding=\"async\" width=\"600\" height=\"430\" src=\"https:\/\/www.adventoura.eu\/wp-content\/uploads\/2022\/04\/DSC_0431-e1501752534815-600x430-1.jpg\" alt=\"Najzauj&#xED;mavej&#x161;ie pamiatky v Ke&#x17E;marku, Slovensko\" class=\"wp-image-1185\" srcset=\"https:\/\/www.adventoura.eu\/wp-content\/uploads\/2022\/04\/DSC_0431-e1501752534815-600x430-1.jpg 600w, https:\/\/www.adventoura.eu\/wp-content\/uploads\/2022\/04\/DSC_0431-e1501752534815-600x430-1-300x215.jpg 300w\" sizes=\"(max-width: 600px) 100vw, 600px\" \/><\/figure>\n<\/div>\n<p>Tento kostol bol v roku 2008 spolu s \u010fal\u0161\u00edmi slovensk\u00fdmi dreven\u00fdmi kostolmi zap\u00edsan\u00fd do zoznamu UNESCO.<\/p>\n\n<p>Kostol postavili v 17. storo\u010d\u00ed p\u00f4vodne ako barokov\u00fd kostol protestantov. Preto musel by\u0165 postaven\u00fd mimo mestsk\u00fdch hradieb, bez ve\u017ee a bez klincov, len z dreva.<\/p>\n\n<p>Finan\u010dne pom\u00e1hali cirkev budova\u0165 aj protestanti zo severnej Eur\u00f3py, \u0161v\u00e9dski a d\u00e1nski kr\u00e1li. Pom\u00e1hali aj \u0161v\u00e9dski n\u00e1morn\u00edci, a preto strop vyzer\u00e1 ako prie\u010dna pr\u00ed\u010f lode a s\u00fa tu okn\u00e1 v tvare kruhu.<\/p>\n\n<hr class=\"wp-block-separator has-alpha-channel-opacity\"\/>\n\n<h3 class=\"has-text-align-center wp-block-heading\"><strong>Nov\u00e1 evanjelick\u00e1 cirkev<\/strong><\/h3>\n\n<figure class=\"wp-block-image size-large\"><img decoding=\"async\" width=\"1024\" height=\"773\" src=\"https:\/\/www.adventoura.eu\/wp-content\/uploads\/2022\/04\/DSC_0425-1024x773.jpg\" alt=\"\" class=\"wp-image-1281\" srcset=\"https:\/\/www.adventoura.eu\/wp-content\/uploads\/2022\/04\/DSC_0425-1024x773.jpg 1024w, https:\/\/www.adventoura.eu\/wp-content\/uploads\/2022\/04\/DSC_0425-300x227.jpg 300w, https:\/\/www.adventoura.eu\/wp-content\/uploads\/2022\/04\/DSC_0425-768x580.jpg 768w, https:\/\/www.adventoura.eu\/wp-content\/uploads\/2022\/04\/DSC_0425-1536x1160.jpg 1536w, https:\/\/www.adventoura.eu\/wp-content\/uploads\/2022\/04\/DSC_0425-2048x1547.jpg 2048w\" sizes=\"(max-width: 1024px) 100vw, 1024px\" \/><\/figure>\n\n<p>T\u00e1to cirkev je zn\u00e1ma ako nov\u00e1 alebo \u010derven\u00e1 evanjelick\u00e1 cirkev. \u010cerven\u00e1 a zelen\u00e1 fas\u00e1da a kupola z nej urobili neoddelite\u013en\u00fa stavbu mesta.<\/p>\n\n<p>Kostol bol postaven\u00fd koncom<sup>19.<\/sup> storo\u010dia v eklektickom \u0161t\u00fdle a sp\u00e1ja byzantsk\u00e9, rom\u00e1nske, renesan\u010dn\u00e9 a r\u00f4zne orient\u00e1lne prvky. Zd\u00f4raz\u0148uje symetriu. Okrem toho sa na severnej strane nach\u00e1dza mauz\u00f3leum Imricha Th\u00f6k\u00f6lyho.<\/p>\n\n<hr class=\"wp-block-separator has-alpha-channel-opacity\"\/>\n\n<h3 class=\"has-text-align-center wp-block-heading\"><strong>Lyceum<\/strong><\/h3>\n\n<figure class=\"wp-block-image size-large\"><img decoding=\"async\" width=\"1024\" height=\"673\" src=\"https:\/\/www.adventoura.eu\/wp-content\/uploads\/2022\/04\/DSC_0447-1024x673.jpg\" alt=\"\" class=\"wp-image-1282\" srcset=\"https:\/\/www.adventoura.eu\/wp-content\/uploads\/2022\/04\/DSC_0447-1024x673.jpg 1024w, https:\/\/www.adventoura.eu\/wp-content\/uploads\/2022\/04\/DSC_0447-300x197.jpg 300w, https:\/\/www.adventoura.eu\/wp-content\/uploads\/2022\/04\/DSC_0447-768x505.jpg 768w, https:\/\/www.adventoura.eu\/wp-content\/uploads\/2022\/04\/DSC_0447-1536x1009.jpg 1536w, https:\/\/www.adventoura.eu\/wp-content\/uploads\/2022\/04\/DSC_0447-2048x1346.jpg 2048w\" sizes=\"(max-width: 1024px) 100vw, 1024px\" \/><\/figure>\n\n<p>Prv\u00e1 mestsk\u00e1 \u0161kola v Ke\u017emarku (<sup>14<\/sup>. storo\u010die).<\/p>\n\n<p>L\u00fdceum malo charakter protestantsk\u00e9ho gymn\u00e1zia a od <sup>17<\/sup>. storo\u010dia sa tu zria\u010fovali aj akademick\u00e9 triedy. Filozofia, pr\u00e1vo a teol\u00f3gia sa zmenili na l\u00fdceum.<\/p>\n\n<p>\u0160tudovali tu slovensk\u00ed, nemeck\u00ed, ma\u010farsk\u00ed a srbsk\u00ed umelci, spisovatelia, vedci, politici a n\u00e1rodn\u00ed hrdinovia.<\/p>\n\n<p>\u0160tudovali tu bratia J\u00e1n a Samo Chalupkovci, P. O. Hviezdoslav, Martin Kuku\u010d\u00edn, Ivan Stodola a mnoh\u00ed \u010fal\u0161\u00ed, ktor\u00ed zmenili politick\u00fd a kult\u00farny \u017eivot v Uhorsku a bojovali za Slov\u00e1kov.<\/p>\n\n<p>V s\u00fa\u010dasnosti je tu m\u00fazeum, ktor\u00e9 m\u00f4\u017eete nav\u0161t\u00edvi\u0165 a vidie\u0165 tradi\u010dn\u00e9 triedy a kni\u017enicu. Kni\u017enica je najv\u00e4\u010d\u0161ou \u0161kolskou historickou kni\u017enicou v strednej Eur\u00f3pe so 150 000 zv\u00e4zkami z r\u00f4znych oblast\u00ed a v r\u00f4znych jazykoch.<\/p>\n\n<figure class=\"wp-block-image size-large\"><img decoding=\"async\" width=\"1024\" height=\"956\" src=\"https:\/\/www.adventoura.eu\/wp-content\/uploads\/2022\/04\/DSC_0436-1024x956.jpg\" alt=\"\" class=\"wp-image-1283\" srcset=\"https:\/\/www.adventoura.eu\/wp-content\/uploads\/2022\/04\/DSC_0436-1024x956.jpg 1024w, https:\/\/www.adventoura.eu\/wp-content\/uploads\/2022\/04\/DSC_0436-300x280.jpg 300w, https:\/\/www.adventoura.eu\/wp-content\/uploads\/2022\/04\/DSC_0436-768x717.jpg 768w, https:\/\/www.adventoura.eu\/wp-content\/uploads\/2022\/04\/DSC_0436-1536x1434.jpg 1536w, https:\/\/www.adventoura.eu\/wp-content\/uploads\/2022\/04\/DSC_0436-2048x1912.jpg 2048w\" sizes=\"(max-width: 1024px) 100vw, 1024px\" \/><\/figure>\n\n<hr class=\"wp-block-separator has-alpha-channel-opacity\"\/>\n\n<p class=\"has-text-align-center\"><strong>Kostol sv\u00e4t\u00e9ho Kr\u00ed\u017ea a renesan\u010dn\u00e1 zvonica<\/strong><\/p>\n\n<figure class=\"wp-block-image size-large is-resized\"><img decoding=\"async\" src=\"https:\/\/www.adventoura.eu\/wp-content\/uploads\/2022\/04\/kolaz-1024x471.jpg\" alt=\"\" class=\"wp-image-1284\" width=\"840\" height=\"386\" srcset=\"https:\/\/www.adventoura.eu\/wp-content\/uploads\/2022\/04\/kolaz-1024x471.jpg 1024w, https:\/\/www.adventoura.eu\/wp-content\/uploads\/2022\/04\/kolaz-300x138.jpg 300w, https:\/\/www.adventoura.eu\/wp-content\/uploads\/2022\/04\/kolaz-768x353.jpg 768w, https:\/\/www.adventoura.eu\/wp-content\/uploads\/2022\/04\/kolaz-1536x706.jpg 1536w, https:\/\/www.adventoura.eu\/wp-content\/uploads\/2022\/04\/kolaz-2048x941.jpg 2048w\" sizes=\"(max-width: 840px) 100vw, 840px\" \/><\/figure>\n\n<p>Tento kostol, p\u00f4vodne bazilika, je jedn\u00fdm z najnov\u0161\u00edch a najv\u00e4\u010d\u0161\u00edch spi\u0161sk\u00fdch gotick\u00fdch kostolov s tromi lo\u010fami.<\/p>\n\n<p>Kostol je tu z <sup>15<\/sup>. storo\u010dia. Ved\u013ea kostola sa nach\u00e1dza renesan\u010dn\u00e1 zvonica. Poch\u00e1dza zo <sup>16<\/sup>. storo\u010dia a p\u00f4vodne ho \u013eudia zdobili zlatom. Hlavn\u00fd zvon poch\u00e1dza z roku 1525. Preto je najstar\u0161ou zvonicou na Slovensku.<\/p>\n\n<hr class=\"wp-block-separator has-alpha-channel-opacity\"\/>\n\n<h3 class=\"has-text-align-center wp-block-heading\"><strong>Radnica s klietkou rozpakov<\/strong><\/h3>\n\n<figure class=\"wp-block-image size-large\"><img decoding=\"async\" width=\"1024\" height=\"747\" src=\"https:\/\/www.adventoura.eu\/wp-content\/uploads\/2022\/04\/DSC_0457-1024x747.jpg\" alt=\"\" class=\"wp-image-1285\" srcset=\"https:\/\/www.adventoura.eu\/wp-content\/uploads\/2022\/04\/DSC_0457-1024x747.jpg 1024w, https:\/\/www.adventoura.eu\/wp-content\/uploads\/2022\/04\/DSC_0457-300x219.jpg 300w, https:\/\/www.adventoura.eu\/wp-content\/uploads\/2022\/04\/DSC_0457-768x561.jpg 768w, https:\/\/www.adventoura.eu\/wp-content\/uploads\/2022\/04\/DSC_0457-1536x1121.jpg 1536w, https:\/\/www.adventoura.eu\/wp-content\/uploads\/2022\/04\/DSC_0457-2048x1495.jpg 2048w\" sizes=\"(max-width: 1024px) 100vw, 1024px\" \/><\/figure>\n\n<p>Radnica je spojen\u00e1 s nie pr\u00edli\u0161 \u0161\u0165astn\u00fdm osudom.<\/p>\n\n<p>Nieko\u013ekokr\u00e1t vyhorel a zaka\u017ed\u00fdm bol prestavan\u00fd v novom architektonickom \u0161t\u00fdle, od gotiky a renesancie a\u017e po klasicizmus. Radnica s ve\u017eou je charakteristick\u00fdm symbolom mesta. Aj dnes sl\u00fa\u017ei ako administrat\u00edvna in\u0161tit\u00facia. Na sten\u00e1ch s\u00fa nama\u013eovan\u00e9 etick\u00e9 a moralizuj\u00face n\u00e1pisy a obraz spravodlivosti.<\/p>\n\n<p>Okrem toho sa pred radnicou nach\u00e1dza klietka hanby. V minulosti sl\u00fa\u017eilo ako trest pre zlo\u010dincov, aby ich videla cel\u00e1 spolo\u010dnos\u0165.<\/p>\n\n<figure class=\"wp-block-image size-large\"><img decoding=\"async\" width=\"1024\" height=\"765\" src=\"https:\/\/www.adventoura.eu\/wp-content\/uploads\/2022\/04\/DSC_0459-1024x765.jpg\" alt=\"\" class=\"wp-image-1286\" srcset=\"https:\/\/www.adventoura.eu\/wp-content\/uploads\/2022\/04\/DSC_0459-1024x765.jpg 1024w, https:\/\/www.adventoura.eu\/wp-content\/uploads\/2022\/04\/DSC_0459-300x224.jpg 300w, https:\/\/www.adventoura.eu\/wp-content\/uploads\/2022\/04\/DSC_0459-768x573.jpg 768w, https:\/\/www.adventoura.eu\/wp-content\/uploads\/2022\/04\/DSC_0459-1536x1147.jpg 1536w, https:\/\/www.adventoura.eu\/wp-content\/uploads\/2022\/04\/DSC_0459-2048x1529.jpg 2048w\" sizes=\"(max-width: 1024px) 100vw, 1024px\" \/><\/figure>\n\n<hr class=\"wp-block-separator has-alpha-channel-opacity\"\/>\n\n<h3 class=\"has-text-align-center wp-block-heading\"><strong>Eur\u00f3psky festival \u013eudov\u00fdch remesiel &#8211; E\u013dRO<\/strong><\/h3>\n\n<figure class=\"wp-block-image size-large\"><img decoding=\"async\" width=\"1024\" height=\"511\" src=\"https:\/\/www.adventoura.eu\/wp-content\/uploads\/2022\/04\/DSC_0467-1024x511.jpg\" alt=\"\" class=\"wp-image-1287\" srcset=\"https:\/\/www.adventoura.eu\/wp-content\/uploads\/2022\/04\/DSC_0467-1024x511.jpg 1024w, https:\/\/www.adventoura.eu\/wp-content\/uploads\/2022\/04\/DSC_0467-300x150.jpg 300w, https:\/\/www.adventoura.eu\/wp-content\/uploads\/2022\/04\/DSC_0467-768x383.jpg 768w, https:\/\/www.adventoura.eu\/wp-content\/uploads\/2022\/04\/DSC_0467-1536x766.jpg 1536w, https:\/\/www.adventoura.eu\/wp-content\/uploads\/2022\/04\/DSC_0467-2048x1021.jpg 2048w\" sizes=\"(max-width: 1024px) 100vw, 1024px\" \/><\/figure>\n\n<p>E\u013dRO (Eur\u00f3pske \u013eudov\u00e9 remeslo) je najv\u00e4\u010d\u0161\u00ed festival \u013eudov\u00fdch remesiel v Eur\u00f3pe. Tento ka\u017edoro\u010dn\u00fd letn\u00fd festival nadv\u00e4zuje na tradi\u010dn\u00fd trh z hist\u00f3rie.<\/p>\n\n<p>Hlavn\u00e9 n\u00e1mestie sa na tri dni zmen\u00ed na trh s mal\u00fdmi st\u00e1nkami s tradi\u010dn\u00fdmi remeseln\u00fdmi predmetmi. M\u00f4\u017eete si pozrie\u0165 remeseln\u00edkov v akcii a k\u00fapi\u0165 si suven\u00edry.<\/p>\n\n<p class=\"has-text-align-center\">Ak sa v\u00e1m n\u00e1\u0161 pr\u00edspevok p\u00e1\u010di, m\u00f4\u017eete mesto nav\u0161t\u00edvi\u0165 bu\u010f sami, alebo sa m\u00f4\u017eete prida\u0165 k na\u0161ej <a href=\"https:\/\/www.adventoura.eu\/tours\/grand-tour-slovakia-highlights-slovakia\/\">Ve\u013ekej ceste po Slovensku<\/a>.  <br\/><strong>To naozaj stoj\u00ed za to vidie\u0165. Budeme v\u00e1m v\u010fa\u010dn\u00ed, ak sa o\u0148 podel\u00edte so svojimi priate\u013emi.<\/strong><\/p>\n","protected":false},"excerpt":{"rendered":"<p>Najzauj\u00edmavej\u0161ie pamiatky v Ke\u017emarku, Slovensko Ke\u017emarok je mesto, historick\u00e9 centrum regi\u00f3nu Spi\u0161. M\u00e1 ve\u013emi bohat\u00fa hist\u00f3riu, ktor\u00e1 siaha a\u017e do 13. storo\u010dia. Nesk\u00f4r sa stalo nez\u00e1visl\u00fdm kr\u00e1\u013eovsk\u00fdm mestom s vlastn\u00fdmi v\u00fdsadami. Od 15. rokov m\u00e1 rovnak\u00fd symbol, erb. Ke\u017emarok bol d\u00f4le\u017eit\u00fd aj pri prieskume Vysok\u00fdch Tatier. Prv\u00fa prehliadku v 16. storo\u010d\u00ed viedla hradn\u00e1 pani. Viacer\u00ed [&hellip;]<\/p>\n","protected":false},"author":2,"featured_media":2815,"comment_status":"closed","ping_status":"closed","sticky":false,"template":"","format":"standard","meta":{"_acf_changed":false,"inline_featured_image":false,"footnotes":""},"categories":[63,53,50,58,67,52,69,54],"tags":[],"class_list":["post-3161","post","type-post","status-publish","format-standard","has-post-thumbnail","hentry","category-historia","category-leto","category-musite-vidiet","category-pitie-a-kava","category-restauracie","category-slovensko","category-tradicne","category-ubytovanie"],"acf":[],"_links":{"self":[{"href":"https:\/\/www.adventoura.eu\/sk\/wp-json\/wp\/v2\/posts\/3161","targetHints":{"allow":["GET"]}}],"collection":[{"href":"https:\/\/www.adventoura.eu\/sk\/wp-json\/wp\/v2\/posts"}],"about":[{"href":"https:\/\/www.adventoura.eu\/sk\/wp-json\/wp\/v2\/types\/post"}],"author":[{"embeddable":true,"href":"https:\/\/www.adventoura.eu\/sk\/wp-json\/wp\/v2\/users\/2"}],"replies":[{"embeddable":true,"href":"https:\/\/www.adventoura.eu\/sk\/wp-json\/wp\/v2\/comments?post=3161"}],"version-history":[{"count":2,"href":"https:\/\/www.adventoura.eu\/sk\/wp-json\/wp\/v2\/posts\/3161\/revisions"}],"predecessor-version":[{"id":3163,"href":"https:\/\/www.adventoura.eu\/sk\/wp-json\/wp\/v2\/posts\/3161\/revisions\/3163"}],"wp:featuredmedia":[{"embeddable":true,"href":"https:\/\/www.adventoura.eu\/sk\/wp-json\/wp\/v2\/media\/2815"}],"wp:attachment":[{"href":"https:\/\/www.adventoura.eu\/sk\/wp-json\/wp\/v2\/media?parent=3161"}],"wp:term":[{"taxonomy":"category","embeddable":true,"href":"https:\/\/www.adventoura.eu\/sk\/wp-json\/wp\/v2\/categories?post=3161"},{"taxonomy":"post_tag","embeddable":true,"href":"https:\/\/www.adventoura.eu\/sk\/wp-json\/wp\/v2\/tags?post=3161"}],"curies":[{"name":"wp","href":"https:\/\/api.w.org\/{rel}","templated":true}]}}